{"id":1297,"date":"2025-11-19T12:58:22","date_gmt":"2025-11-19T17:58:22","guid":{"rendered":"https:\/\/csstl.gouv.qc.ca\/francois-perrot\/?p=1297"},"modified":"2026-01-23T08:57:00","modified_gmt":"2026-01-23T13:57:00","slug":"inscription-2026-2026","status":"publish","type":"post","link":"https:\/\/csstl.gouv.qc.ca\/francois-perrot\/2025\/11\/inscription-2026-2026\/","title":{"rendered":"Inscription 2026-2027"},"content":{"rendered":"\n<p>La p\u00e9riode d&rsquo;<a href=\"https:\/\/csstl.gouv.qc.ca\/inscription-scolaire\/\">inscription scolaire<\/a> pour les nouveaux \u00e9l\u00e8ves aura lieu du 26 janvier au 13 f\u00e9vrier 2026, et ce, en ligne. Cliquez <a href=\"https:\/\/www.youtube.com\/watch?v=vFKg2SAQKsk\" data-type=\"link\" data-id=\"https:\/\/www.youtube.com\/watch?v=vFKg2SAQKsk\">ICI <\/a>pour un vid\u00e9o sur la proc\u00e9dure \u00e0 suivre.<\/p>\n\n\n\n<p>La p\u00e9riode de r\u00e9inscription pour vos enfants \u00e9tant d\u00e9j\u00e0 \u00e0 l&rsquo;\u00e9cole aura lieu du 16 au 27 f\u00e9vrier 2026.<\/p>\n","protected":false},"excerpt":{"rendered":"<p>La p\u00e9riode d&rsquo;inscription scolaire pour les nouveaux \u00e9l\u00e8ves aura lieu du 26 janvier au 13 f\u00e9vrier 2026, et ce, en ligne. Cliquez ICI pour un vid\u00e9o sur la proc\u00e9dure \u00e0 suivre. La p\u00e9riode de r\u00e9inscription pour vos enfants \u00e9tant d\u00e9j\u00e0 \u00e0 l&rsquo;\u00e9cole aura lieu du 16 au 27 f\u00e9vrier 2026.<\/p>\n","protected":false},"author":187,"featured_media":0,"comment_status":"closed","ping_status":"closed","sticky":false,"template":"","format":"standard","meta":{"_genesis_hide_title":false,"_genesis_hide_breadcrumbs":false,"_genesis_hide_singular_image":false,"_genesis_hide_footer_widgets":false,"_genesis_custom_body_class":"","_genesis_custom_post_class":"","_genesis_layout":"","footnotes":""},"categories":[1],"tags":[],"class_list":{"0":"post-1297","1":"post","2":"type-post","3":"status-publish","4":"format-standard","6":"category-non-classe","7":"entry"},"featured_image_src":null,"featured_image_src_square":null,"author_info":{"display_name":"Julie Leblanc-St-Pierre","author_link":"https:\/\/csstl.gouv.qc.ca\/francois-perrot\/author\/julie-leblanc-st-pierrecsstl-gouv-qc-ca\/"},"_links":{"self":[{"href":"https:\/\/csstl.gouv.qc.ca\/francois-perrot\/wp-json\/wp\/v2\/posts\/1297","targetHints":{"allow":["GET"]}}],"collection":[{"href":"https:\/\/csstl.gouv.qc.ca\/francois-perrot\/wp-json\/wp\/v2\/posts"}],"about":[{"href":"https:\/\/csstl.gouv.qc.ca\/francois-perrot\/wp-json\/wp\/v2\/types\/post"}],"author":[{"embeddable":true,"href":"https:\/\/csstl.gouv.qc.ca\/francois-perrot\/wp-json\/wp\/v2\/users\/187"}],"replies":[{"embeddable":true,"href":"https:\/\/csstl.gouv.qc.ca\/francois-perrot\/wp-json\/wp\/v2\/comments?post=1297"}],"version-history":[{"count":0,"href":"https:\/\/csstl.gouv.qc.ca\/francois-perrot\/wp-json\/wp\/v2\/posts\/1297\/revisions"}],"wp:attachment":[{"href":"https:\/\/csstl.gouv.qc.ca\/francois-perrot\/wp-json\/wp\/v2\/media?parent=1297"}],"wp:term":[{"taxonomy":"category","embeddable":true,"href":"https:\/\/csstl.gouv.qc.ca\/francois-perrot\/wp-json\/wp\/v2\/categories?post=1297"},{"taxonomy":"post_tag","embeddable":true,"href":"https:\/\/csstl.gouv.qc.ca\/francois-perrot\/wp-json\/wp\/v2\/tags?post=1297"}],"curies":[{"name":"wp","href":"https:\/\/api.w.org\/{rel}","templated":true}]}}